{"id":7828,"date":"2020-01-22T17:58:05","date_gmt":"2020-01-22T16:58:05","guid":{"rendered":"https:\/\/www.appleking.cz\/blog\/?p=7828"},"modified":"2020-01-22T18:09:06","modified_gmt":"2020-01-22T17:09:06","slug":"jak-aktivovat-esim-iphonu","status":"publish","type":"post","link":"https:\/\/www.appleking.cz\/blog\/jak-aktivovat-esim-iphonu","title":{"rendered":"Jak aktivovat eSIM na&nbsp;iPhonu? Pou\u017e\u00edvejte klidn\u011b dv\u011b \u010d\u00edsla z\u00e1rove\u0148."},"content":{"rendered":"<p>N\u011bkte\u0159\u00ed u\u017eivatel\u00e9 r\u00e1di pou\u017e\u00edvaj\u00ed dv\u011b telefonn\u00ed \u010d\u00edsla. Jedno pracovn\u00ed, druh\u00e9 osobn\u00ed nebo t\u0159eba vyu\u017e\u00edv\u00e1te m\u00edstn\u00ed SIM kartu oper\u00e1tora pro mobiln\u00ed data v&nbsp;zahrani\u010d\u00ed. Od&nbsp;startu prodeje iPhonu XS, XS Max a&nbsp;XR iPhone umo\u017e\u0148uje pou\u017e\u00edvat z\u00e1rove\u0148 dv\u011b SIM karty. Podm\u00ednkou je, aby jedna z&nbsp;nich byla eSIM. Po&nbsp;mini, micro a&nbsp;nano SIM kart\u00e1ch jsem se do\u010dkali dal\u0161\u00edho standardu pro mobiln\u00ed komunikaci. Nev\u00edte, jak aktivovat eSIM na&nbsp;iPhonu a&nbsp;vyu\u017e\u00edvat dv\u011b \u010d\u00edsla z\u00e1rove\u0148?<\/p>\n<hr \/>\n<a class=\"mwm-aal-item\" name=\"co-to-vlastne-esim-je\"><\/a><h2>Co to vlastn\u011b eSIM je?<\/h2>\n<p>eSIM, neboli\u00a0embedded-SIM, je nov\u00fd standard, kter\u00fd umo\u017e\u0148uje se p\u0159ihl\u00e1sit do&nbsp;GSM s\u00edt\u011b bez toho, ani\u017e byste museli vkl\u00e1dat do&nbsp;koncov\u00e9ho za\u0159\u00edzen\u00ed fyzickou SIM kartu od&nbsp;oper\u00e1tora. Tuto funkci obstar\u00e1v\u00e1 \u010dip, do&nbsp;kter\u00e9ho se st\u00e1hne profil telefonn\u00edho \u010d\u00edsla. Podle tvrzen\u00ed \u010desk\u00fdch oper\u00e1tor\u016f je eSIM skute\u010dn\u011b budoucnost mobiln\u00edch za\u0159\u00edzen\u00ed a&nbsp;jsou p\u0159ipraveni na&nbsp;pln\u00fd p\u0159echod. Podle nich tradi\u010dn\u00ed karty zmiz\u00ed do&nbsp;10 let.<\/p>\n<a class=\"mwm-aal-item\" name=\"podpora-ze-strany-operatoru-je-pomerne-prizniva\"><\/a><h2>Podpora ze strany oper\u00e1tor\u016f je pom\u011brn\u011b p\u0159\u00edzniv\u00e1.<\/h2>\n<p>P\u0159i polo\u017een\u00ed ot\u00e1zky jak aktivovat eSIM na&nbsp;iPhonu je pot\u0159eba pamatovat na&nbsp;to, \u017ee&nbsp;ji mus\u00ed podporovat tak\u00e9 v\u00e1\u0161 oper\u00e1tor. V&nbsp;\u010cesk\u00e9 republice tuto inovativn\u00ed novinku p\u0159edstavil T-Mobile jako prvn\u00ed. Kr\u00e1tce po&nbsp;n\u011bm n\u00e1sledoval i&nbsp;Vodafone. O2 se st\u00e1le neoprostilo od&nbsp;testovac\u00edho provozu a&nbsp;nenab\u00edz\u00ed toto modern\u00ed \u0159e\u0161en\u00ed pro sv\u00e9 z\u00e1kazn\u00edky.<\/p>\n<a class=\"mwm-aal-item\" name=\"po-navsteve-prodejny8230\"><\/a><h2>Po n\u00e1v\u0161t\u011bv\u011b prodejny&#8230;<\/h2>\n<p>Oba dva oper\u00e1to\u0159i V\u00e1m vym\u011bn\u00ed klasickou kartu za eSIM na&nbsp;po\u010dk\u00e1n\u00ed. Je ov\u0161em pot\u0159eba po\u010d\u00edtat s&nbsp;t\u00edm, \u017ee&nbsp;pro sta\u017een\u00ed profilu va\u0161eho \u010d\u00edsla do&nbsp;iPhonu je pot\u0159eba b\u00fdt p\u0159ipojen k&nbsp;internetu. Poproste tedy obsluhu o&nbsp;vytvo\u0159en\u00ed hotspotu nebo o&nbsp;heslo k&nbsp;Wi-Fi na&nbsp;prodejn\u011b. Nezapome\u0148te z&nbsp;iPhonu vyjmout starou SIM kartu.<\/p>\n<p><img data-attachment-id=\"7833\" data-permalink=\"https:\/\/www.appleking.cz\/blog\/jak-aktivovat-esim-iphonu\/t-mobile_esimjpg#main\" data-orig-file=\"https:\/\/www.appleking.cz\/blog\/wp-content\/uploads\/2020\/01\/t-mobile_esimjpg.jpg\" data-orig-size=\"4032,3024\" data-comments-opened=\"1\" data-image-meta=\"{&quot;aperture&quot;:&quot;1.8&quot;,&quot;credit&quot;:&quot;&quot;,&quot;camera&quot;:&quot;iPhone XS Max&quot;,&quot;caption&quot;:&quot;&quot;,&quot;created_timestamp&quot;:&quot;1579713602&quot;,&quot;copyright&quot;:&quot;&quot;,&quot;focal_length&quot;:&quot;4.25&quot;,&quot;iso&quot;:&quot;250&quot;,&quot;shutter_speed&quot;:&quot;0.016666666666667&quot;,&quot;title&quot;:&quot;&quot;,&quot;orientation&quot;:&quot;1&quot;}\" data-image-title=\"t-mobile_esimjpg\" data-image-description=\"\" data-image-caption=\"\" data-medium-file=\"https:\/\/www.appleking.cz\/blog\/wp-content\/uploads\/2020\/01\/t-mobile_esimjpg-300x225.jpg\" data-large-file=\"https:\/\/www.appleking.cz\/blog\/wp-content\/uploads\/2020\/01\/t-mobile_esimjpg-1024x768.jpg\" decoding=\"async\" loading=\"lazy\" class=\"size-medium wp-image-7833 aligncenter\" src=\"https:\/\/www.appleking.cz\/blog\/wp-content\/uploads\/2020\/01\/t-mobile_esimjpg-300x225.jpg\" alt=\"\" width=\"300\" height=\"225\" srcset=\"https:\/\/www.appleking.cz\/blog\/wp-content\/uploads\/2020\/01\/t-mobile_esimjpg-300x225.jpg 300w, https:\/\/www.appleking.cz\/blog\/wp-content\/uploads\/2020\/01\/t-mobile_esimjpg-768x576.jpg 768w, https:\/\/www.appleking.cz\/blog\/wp-content\/uploads\/2020\/01\/t-mobile_esimjpg-1024x768.jpg 1024w, https:\/\/www.appleking.cz\/blog\/wp-content\/uploads\/2020\/01\/t-mobile_esimjpg-334x250.jpg 334w\" sizes=\"(max-width: 300px) 100vw, 300px\" \/><\/p>\n<p style=\"text-align: center;\">eSIM karta od&nbsp;T-Mobile<\/p>\n<p><img data-attachment-id=\"7834\" data-permalink=\"https:\/\/www.appleking.cz\/blog\/jak-aktivovat-esim-iphonu\/vodafone_esim#main\" data-orig-file=\"https:\/\/www.appleking.cz\/blog\/wp-content\/uploads\/2020\/01\/vodafone_esim.jpg\" data-orig-size=\"1004,1110\" data-comments-opened=\"1\" data-image-meta=\"{&quot;aperture&quot;:&quot;0&quot;,&quot;credit&quot;:&quot;&quot;,&quot;camera&quot;:&quot;&quot;,&quot;caption&quot;:&quot;&quot;,&quot;created_timestamp&quot;:&quot;0&quot;,&quot;copyright&quot;:&quot;&quot;,&quot;focal_length&quot;:&quot;0&quot;,&quot;iso&quot;:&quot;0&quot;,&quot;shutter_speed&quot;:&quot;0&quot;,&quot;title&quot;:&quot;&quot;,&quot;orientation&quot;:&quot;0&quot;}\" data-image-title=\"vodafone_esim\" data-image-description=\"\" data-image-caption=\"\" data-medium-file=\"https:\/\/www.appleking.cz\/blog\/wp-content\/uploads\/2020\/01\/vodafone_esim-271x300.jpg\" data-large-file=\"https:\/\/www.appleking.cz\/blog\/wp-content\/uploads\/2020\/01\/vodafone_esim-926x1024.jpg\" decoding=\"async\" loading=\"lazy\" class=\"size-medium wp-image-7834 aligncenter\" src=\"https:\/\/www.appleking.cz\/blog\/wp-content\/uploads\/2020\/01\/vodafone_esim-271x300.jpg\" alt=\"\" width=\"271\" height=\"300\" srcset=\"https:\/\/www.appleking.cz\/blog\/wp-content\/uploads\/2020\/01\/vodafone_esim-271x300.jpg 271w, https:\/\/www.appleking.cz\/blog\/wp-content\/uploads\/2020\/01\/vodafone_esim-768x849.jpg 768w, https:\/\/www.appleking.cz\/blog\/wp-content\/uploads\/2020\/01\/vodafone_esim-926x1024.jpg 926w, https:\/\/www.appleking.cz\/blog\/wp-content\/uploads\/2020\/01\/vodafone_esim.jpg 1004w\" sizes=\"(max-width: 271px) 100vw, 271px\" \/><\/p>\n<p style=\"text-align: center;\">voucher s&nbsp;eSIM od&nbsp;Vodafone, zdroj:<a href=\"https:\/\/www.vodafone.cz\/pece\/osobni-a-firemni\/otazky\/sim-karty\/esim\/\">Vodafone.cz<\/a><\/p>\n<a class=\"mwm-aal-item\" name=\"jak-aktivovat-esim-na-iphonu\"><\/a><h2>Jak aktivovat eSIM na&nbsp;iPhonu?<\/h2>\n<p>Postup je snadn\u00fd. Skenov\u00e1n\u00ed k\u00f3du m\u016f\u017eete prov\u00e9st bu\u010f p\u0159\u00edmo v&nbsp;aplikaci Fotoapar\u00e1t nebo v&nbsp;<em><strong>Nastaven\u00ed<\/strong><\/em> -&gt;<em><strong>Mobiln\u00ed data<\/strong><\/em> -&gt; <em><strong>P\u0159idat mobiln\u00ed tarif<\/strong><\/em>.<\/p>\n<p><img data-attachment-id=\"7832\" data-permalink=\"https:\/\/www.appleking.cz\/blog\/jak-aktivovat-esim-iphonu\/pridat-mobilni-tarif#main\" data-orig-file=\"https:\/\/www.appleking.cz\/blog\/wp-content\/uploads\/2020\/01\/pridat-mobilni-tarif.gif\" data-orig-size=\"600,1297\" data-comments-opened=\"1\" data-image-meta=\"{&quot;aperture&quot;:&quot;0&quot;,&quot;credit&quot;:&quot;&quot;,&quot;camera&quot;:&quot;&quot;,&quot;caption&quot;:&quot;&quot;,&quot;created_timestamp&quot;:&quot;0&quot;,&quot;copyright&quot;:&quot;&quot;,&quot;focal_length&quot;:&quot;0&quot;,&quot;iso&quot;:&quot;0&quot;,&quot;shutter_speed&quot;:&quot;0&quot;,&quot;title&quot;:&quot;&quot;,&quot;orientation&quot;:&quot;0&quot;}\" data-image-title=\"pridat-mobilni-tarif\" data-image-description=\"\" data-image-caption=\"\" data-medium-file=\"https:\/\/www.appleking.cz\/blog\/wp-content\/uploads\/2020\/01\/pridat-mobilni-tarif-139x300.gif\" data-large-file=\"https:\/\/www.appleking.cz\/blog\/wp-content\/uploads\/2020\/01\/pridat-mobilni-tarif-474x1024.gif\" decoding=\"async\" loading=\"lazy\" class=\" wp-image-7832 aligncenter\" src=\"https:\/\/www.appleking.cz\/blog\/wp-content\/uploads\/2020\/01\/pridat-mobilni-tarif-139x300.gif\" alt=\"Jak aktivovat eSIM na iPhonu?\" width=\"228\" height=\"492\" srcset=\"https:\/\/www.appleking.cz\/blog\/wp-content\/uploads\/2020\/01\/pridat-mobilni-tarif-139x300.gif 139w, https:\/\/www.appleking.cz\/blog\/wp-content\/uploads\/2020\/01\/pridat-mobilni-tarif-474x1024.gif 474w\" sizes=\"(max-width: 228px) 100vw, 228px\" \/><\/p>\n<a class=\"mwm-aal-item\" name=\"jak-to-funguje-se-dvema-kartami\"><\/a><h2>Jak to funguje se dv\u011bma kartami?<\/h2>\n<p>Je to velmi snadn\u00e9. Plat\u00ed ov\u0161em pravidlo, \u017ee&nbsp;jedna karta mus\u00ed b\u00fdt norm\u00e1ln\u00ed nanoSIM a&nbsp;druh\u00e1 eSIM. Pokud u\u017e m\u00e1te eSIM nahranou, jednodu\u0161e vlo\u017ete druhou SIM kartu do&nbsp;\u0161upl\u00edku na&nbsp;karty ve&nbsp;va\u0161em iPhonu. Ten V\u00e1s ihned nasm\u011bruje do&nbsp;pr\u016fvodce nastaven\u00ed dvou SIM karet. Karty si m\u016f\u017eete podle sv\u00e9 libosti ozna\u010dit, vybrat prim\u00e1rn\u00ed a&nbsp;sekund\u00e1rn\u00ed a&nbsp;nastavit, kter\u00e1 se bude pou\u017e\u00edvat pro mobiln\u00ed data. Dodate\u010dn\u00e1 nastaven\u00ed m\u016f\u017eete prov\u00e1d\u011bt op\u011bt v&nbsp;<em>Nastaven\u00ed<\/em> pod&nbsp;polo\u017ekou <em>Mobiln\u00ed data<\/em>.<\/p>\n<p><strong>TIP<\/strong>: Pou\u017e\u00edvejte na&nbsp;\u010d\u00edslech <a href=\"https:\/\/www.appleking.cz\/blog\/vowifi-na-iphonu\">WiFI vol\u00e1n\u00ed, tzv.&nbsp;VoWiFi<\/a>. V&nbsp;p\u0159\u00edpad\u011b, ze vol\u00e1te z&nbsp;jednoho \u010d\u00edsla, na&nbsp;druh\u00e9m jste automaticky nedostupn\u00ed. V&nbsp;p\u0159\u00edpade pou\u017eit\u00ed VoWiFi budete moci p\u0159ijmout druh\u00fd hovor. Ide\u00e1ln\u00ed situace je, aby VoWiFI bylo podporovan\u00e9 u&nbsp;obou pou\u017e\u00edvan\u00fdch oper\u00e1tor\u016f.<\/p>\n","protected":false},"excerpt":{"rendered":"<p>N\u011bkte\u0159\u00ed u\u017eivatel\u00e9 r\u00e1di pou\u017e\u00edvaj\u00ed dv\u011b telefonn\u00ed \u010d\u00edsla. Jedno pracovn\u00ed, druh\u00e9 osobn\u00ed nebo t\u0159eba vyu\u017e\u00edv\u00e1te m\u00edstn\u00ed<a class=\"moretag\" href=\"https:\/\/www.appleking.cz\/blog\/jak-aktivovat-esim-iphonu\" data-id_post=\"7828\"> Pokra\u010dovat ve&nbsp;\u010dten\u00ed&#8230;<\/a><\/p>\n","protected":false},"author":13,"featured_media":7835,"comment_status":"open","ping_status":"open","sticky":false,"template":"","format":"standard","meta":{"jetpack_post_was_ever_published":false,"jetpack_publicize_message":"Pod\u00edvejte se, jak snadn\u00e1 aktivace eSIM je.","jetpack_is_tweetstorm":false,"jetpack_publicize_feature_enabled":true,"jetpack_social_options":[]},"categories":[1507,128],"tags":[1756,1754,29],"jetpack_publicize_connections":[],"yoast_head":"<!-- This site is optimized with the Yoast SEO plugin v19.11 - https:\/\/yoast.com\/wordpress\/plugins\/seo\/ -->\n<title>Jak aktivovat eSIM na iPhonu? Pou\u017e\u00edvejte dv\u011b \u010d\u00edsla z\u00e1rove\u0148 - AppleKing<\/title>\n<meta name=\"description\" content=\"Pod\u00edvejte se na stru\u010dn\u00fd n\u00e1vod, jak aktivovat eSIM na iPhonu a nastavit si vol\u00e1n\u00ed, data a SMS ze dvou \u010d\u00edsel, pokud chcete vyu\u017e\u00edvat ob\u011b.\" \/>\n<meta name=\"robots\" content=\"index, follow, max-snippet:-1, max-image-preview:large, max-video-preview:-1\" \/>\n<link rel=\"canonical\" href=\"https:\/\/www.appleking.cz\/blog\/jak-aktivovat-esim-iphonu\" \/>\n<meta property=\"og:locale\" content=\"cs_CZ\" \/>\n<meta property=\"og:type\" content=\"article\" \/>\n<meta property=\"og:title\" content=\"Jak aktivovat eSIM na iPhonu? Pou\u017e\u00edvejte dv\u011b \u010d\u00edsla z\u00e1rove\u0148 - AppleKing\" \/>\n<meta property=\"og:description\" content=\"Pod\u00edvejte se na stru\u010dn\u00fd n\u00e1vod, jak aktivovat eSIM na iPhonu a nastavit si vol\u00e1n\u00ed, data a SMS ze dvou \u010d\u00edsel, pokud chcete vyu\u017e\u00edvat ob\u011b.\" \/>\n<meta property=\"og:url\" content=\"https:\/\/www.appleking.cz\/blog\/jak-aktivovat-esim-iphonu\" \/>\n<meta property=\"og:site_name\" content=\"AppleKing Blog\" \/>\n<meta property=\"article:published_time\" content=\"2020-01-22T16:58:05+00:00\" \/>\n<meta property=\"article:modified_time\" content=\"2020-01-22T17:09:06+00:00\" \/>\n<meta property=\"og:image\" content=\"https:\/\/www.appleking.cz\/blog\/wp-content\/uploads\/2020\/01\/iPhone_XS_sim.jpg\" \/>\n\t<meta property=\"og:image:width\" content=\"800\" \/>\n\t<meta property=\"og:image:height\" content=\"450\" \/>\n\t<meta property=\"og:image:type\" content=\"image\/jpeg\" \/>\n<meta name=\"author\" content=\"Michael \u010cerm\u00e1k\" \/>\n<meta name=\"twitter:card\" content=\"summary_large_image\" \/>\n<meta name=\"twitter:label1\" content=\"Napsal(a)\" \/>\n\t<meta name=\"twitter:data1\" content=\"Michael \u010cerm\u00e1k\" \/>\n\t<meta name=\"twitter:label2\" content=\"Odhadovan\u00e1 doba \u010dten\u00ed\" \/>\n\t<meta name=\"twitter:data2\" content=\"3 minuty\" \/>\n<script type=\"application\/ld+json\" class=\"yoast-schema-graph\">{\"@context\":\"https:\/\/schema.org\",\"@graph\":[{\"@type\":\"Article\",\"@id\":\"https:\/\/www.appleking.cz\/blog\/jak-aktivovat-esim-iphonu#article\",\"isPartOf\":{\"@id\":\"https:\/\/www.appleking.cz\/blog\/jak-aktivovat-esim-iphonu\"},\"author\":{\"name\":\"Michael \u010cerm\u00e1k\",\"@id\":\"https:\/\/www.appleking.cz\/blog\/#\/schema\/person\/dfb8f7a84700fde4ed13e61f67db8ed7\"},\"headline\":\"Jak aktivovat eSIM na&nbsp;iPhonu? Pou\u017e\u00edvejte klidn\u011b dv\u011b \u010d\u00edsla z\u00e1rove\u0148.\",\"datePublished\":\"2020-01-22T16:58:05+00:00\",\"dateModified\":\"2020-01-22T17:09:06+00:00\",\"mainEntityOfPage\":{\"@id\":\"https:\/\/www.appleking.cz\/blog\/jak-aktivovat-esim-iphonu\"},\"wordCount\":544,\"commentCount\":0,\"publisher\":{\"@id\":\"https:\/\/www.appleking.cz\/blog\/#organization\"},\"keywords\":[\"dualsim\",\"eSIM\",\"iPhone\"],\"articleSection\":[\"iPhone\",\"Tipy &amp; rady\"],\"inLanguage\":\"cs\",\"potentialAction\":[{\"@type\":\"CommentAction\",\"name\":\"Comment\",\"target\":[\"https:\/\/www.appleking.cz\/blog\/jak-aktivovat-esim-iphonu#respond\"]}]},{\"@type\":\"WebPage\",\"@id\":\"https:\/\/www.appleking.cz\/blog\/jak-aktivovat-esim-iphonu\",\"url\":\"https:\/\/www.appleking.cz\/blog\/jak-aktivovat-esim-iphonu\",\"name\":\"Jak aktivovat eSIM na iPhonu? Pou\u017e\u00edvejte dv\u011b \u010d\u00edsla z\u00e1rove\u0148 - AppleKing\",\"isPartOf\":{\"@id\":\"https:\/\/www.appleking.cz\/blog\/#website\"},\"datePublished\":\"2020-01-22T16:58:05+00:00\",\"dateModified\":\"2020-01-22T17:09:06+00:00\",\"description\":\"Pod\u00edvejte se na stru\u010dn\u00fd n\u00e1vod, jak aktivovat eSIM na iPhonu a nastavit si vol\u00e1n\u00ed, data a SMS ze dvou \u010d\u00edsel, pokud chcete vyu\u017e\u00edvat ob\u011b.\",\"breadcrumb\":{\"@id\":\"https:\/\/www.appleking.cz\/blog\/jak-aktivovat-esim-iphonu#breadcrumb\"},\"inLanguage\":\"cs\",\"potentialAction\":[{\"@type\":\"ReadAction\",\"target\":[\"https:\/\/www.appleking.cz\/blog\/jak-aktivovat-esim-iphonu\"]}]},{\"@type\":\"BreadcrumbList\",\"@id\":\"https:\/\/www.appleking.cz\/blog\/jak-aktivovat-esim-iphonu#breadcrumb\",\"itemListElement\":[{\"@type\":\"ListItem\",\"position\":1,\"name\":\"Dom\u016f\",\"item\":\"https:\/\/www.appleking.cz\/blog\"},{\"@type\":\"ListItem\",\"position\":2,\"name\":\"Jak aktivovat eSIM na&nbsp;iPhonu? Pou\u017e\u00edvejte klidn\u011b dv\u011b \u010d\u00edsla z\u00e1rove\u0148.\"}]},{\"@type\":\"WebSite\",\"@id\":\"https:\/\/www.appleking.cz\/blog\/#website\",\"url\":\"https:\/\/www.appleking.cz\/blog\/\",\"name\":\"AppleKing Blog\",\"description\":\"\",\"publisher\":{\"@id\":\"https:\/\/www.appleking.cz\/blog\/#organization\"},\"potentialAction\":[{\"@type\":\"SearchAction\",\"target\":{\"@type\":\"EntryPoint\",\"urlTemplate\":\"https:\/\/www.appleking.cz\/blog\/?s={search_term_string}\"},\"query-input\":\"required name=search_term_string\"}],\"inLanguage\":\"cs\"},{\"@type\":\"Organization\",\"@id\":\"https:\/\/www.appleking.cz\/blog\/#organization\",\"name\":\"AppleKing Blog\",\"url\":\"https:\/\/www.appleking.cz\/blog\/\",\"logo\":{\"@type\":\"ImageObject\",\"inLanguage\":\"cs\",\"@id\":\"https:\/\/www.appleking.cz\/blog\/#\/schema\/logo\/image\/\",\"url\":\"https:\/\/www.appleking.cz\/blog\/wp-content\/uploads\/2017\/08\/logo.png\",\"contentUrl\":\"https:\/\/www.appleking.cz\/blog\/wp-content\/uploads\/2017\/08\/logo.png\",\"width\":560,\"height\":148,\"caption\":\"AppleKing Blog\"},\"image\":{\"@id\":\"https:\/\/www.appleking.cz\/blog\/#\/schema\/logo\/image\/\"}},{\"@type\":\"Person\",\"@id\":\"https:\/\/www.appleking.cz\/blog\/#\/schema\/person\/dfb8f7a84700fde4ed13e61f67db8ed7\",\"name\":\"Michael \u010cerm\u00e1k\",\"image\":{\"@type\":\"ImageObject\",\"inLanguage\":\"cs\",\"@id\":\"https:\/\/www.appleking.cz\/blog\/#\/schema\/person\/image\/\",\"url\":\"https:\/\/secure.gravatar.com\/avatar\/0b9764c5343e8e13d1d8d311d1939576?s=96&d=mm&r=g\",\"contentUrl\":\"https:\/\/secure.gravatar.com\/avatar\/0b9764c5343e8e13d1d8d311d1939576?s=96&d=mm&r=g\",\"caption\":\"Michael \u010cerm\u00e1k\"}}]}<\/script>\n<!-- \/ Yoast SEO plugin. -->","yoast_head_json":{"title":"Jak aktivovat eSIM na iPhonu? Pou\u017e\u00edvejte dv\u011b \u010d\u00edsla z\u00e1rove\u0148 - AppleKing","description":"Pod\u00edvejte se na stru\u010dn\u00fd n\u00e1vod, jak aktivovat eSIM na iPhonu a nastavit si vol\u00e1n\u00ed, data a SMS ze dvou \u010d\u00edsel, pokud chcete vyu\u017e\u00edvat ob\u011b.","robots":{"index":"index","follow":"follow","max-snippet":"max-snippet:-1","max-image-preview":"max-image-preview:large","max-video-preview":"max-video-preview:-1"},"canonical":"https:\/\/www.appleking.cz\/blog\/jak-aktivovat-esim-iphonu","og_locale":"cs_CZ","og_type":"article","og_title":"Jak aktivovat eSIM na iPhonu? Pou\u017e\u00edvejte dv\u011b \u010d\u00edsla z\u00e1rove\u0148 - AppleKing","og_description":"Pod\u00edvejte se na stru\u010dn\u00fd n\u00e1vod, jak aktivovat eSIM na iPhonu a nastavit si vol\u00e1n\u00ed, data a SMS ze dvou \u010d\u00edsel, pokud chcete vyu\u017e\u00edvat ob\u011b.","og_url":"https:\/\/www.appleking.cz\/blog\/jak-aktivovat-esim-iphonu","og_site_name":"AppleKing Blog","article_published_time":"2020-01-22T16:58:05+00:00","article_modified_time":"2020-01-22T17:09:06+00:00","og_image":[{"width":800,"height":450,"url":"https:\/\/www.appleking.cz\/blog\/wp-content\/uploads\/2020\/01\/iPhone_XS_sim.jpg","type":"image\/jpeg"}],"author":"Michael \u010cerm\u00e1k","twitter_card":"summary_large_image","twitter_misc":{"Napsal(a)":"Michael \u010cerm\u00e1k","Odhadovan\u00e1 doba \u010dten\u00ed":"3 minuty"},"schema":{"@context":"https:\/\/schema.org","@graph":[{"@type":"Article","@id":"https:\/\/www.appleking.cz\/blog\/jak-aktivovat-esim-iphonu#article","isPartOf":{"@id":"https:\/\/www.appleking.cz\/blog\/jak-aktivovat-esim-iphonu"},"author":{"name":"Michael \u010cerm\u00e1k","@id":"https:\/\/www.appleking.cz\/blog\/#\/schema\/person\/dfb8f7a84700fde4ed13e61f67db8ed7"},"headline":"Jak aktivovat eSIM na&nbsp;iPhonu? Pou\u017e\u00edvejte klidn\u011b dv\u011b \u010d\u00edsla z\u00e1rove\u0148.","datePublished":"2020-01-22T16:58:05+00:00","dateModified":"2020-01-22T17:09:06+00:00","mainEntityOfPage":{"@id":"https:\/\/www.appleking.cz\/blog\/jak-aktivovat-esim-iphonu"},"wordCount":544,"commentCount":0,"publisher":{"@id":"https:\/\/www.appleking.cz\/blog\/#organization"},"keywords":["dualsim","eSIM","iPhone"],"articleSection":["iPhone","Tipy &amp; rady"],"inLanguage":"cs","potentialAction":[{"@type":"CommentAction","name":"Comment","target":["https:\/\/www.appleking.cz\/blog\/jak-aktivovat-esim-iphonu#respond"]}]},{"@type":"WebPage","@id":"https:\/\/www.appleking.cz\/blog\/jak-aktivovat-esim-iphonu","url":"https:\/\/www.appleking.cz\/blog\/jak-aktivovat-esim-iphonu","name":"Jak aktivovat eSIM na iPhonu? Pou\u017e\u00edvejte dv\u011b \u010d\u00edsla z\u00e1rove\u0148 - AppleKing","isPartOf":{"@id":"https:\/\/www.appleking.cz\/blog\/#website"},"datePublished":"2020-01-22T16:58:05+00:00","dateModified":"2020-01-22T17:09:06+00:00","description":"Pod\u00edvejte se na stru\u010dn\u00fd n\u00e1vod, jak aktivovat eSIM na iPhonu a nastavit si vol\u00e1n\u00ed, data a SMS ze dvou \u010d\u00edsel, pokud chcete vyu\u017e\u00edvat ob\u011b.","breadcrumb":{"@id":"https:\/\/www.appleking.cz\/blog\/jak-aktivovat-esim-iphonu#breadcrumb"},"inLanguage":"cs","potentialAction":[{"@type":"ReadAction","target":["https:\/\/www.appleking.cz\/blog\/jak-aktivovat-esim-iphonu"]}]},{"@type":"BreadcrumbList","@id":"https:\/\/www.appleking.cz\/blog\/jak-aktivovat-esim-iphonu#breadcrumb","itemListElement":[{"@type":"ListItem","position":1,"name":"Dom\u016f","item":"https:\/\/www.appleking.cz\/blog"},{"@type":"ListItem","position":2,"name":"Jak aktivovat eSIM na&nbsp;iPhonu? Pou\u017e\u00edvejte klidn\u011b dv\u011b \u010d\u00edsla z\u00e1rove\u0148."}]},{"@type":"WebSite","@id":"https:\/\/www.appleking.cz\/blog\/#website","url":"https:\/\/www.appleking.cz\/blog\/","name":"AppleKing Blog","description":"","publisher":{"@id":"https:\/\/www.appleking.cz\/blog\/#organization"},"potentialAction":[{"@type":"SearchAction","target":{"@type":"EntryPoint","urlTemplate":"https:\/\/www.appleking.cz\/blog\/?s={search_term_string}"},"query-input":"required name=search_term_string"}],"inLanguage":"cs"},{"@type":"Organization","@id":"https:\/\/www.appleking.cz\/blog\/#organization","name":"AppleKing Blog","url":"https:\/\/www.appleking.cz\/blog\/","logo":{"@type":"ImageObject","inLanguage":"cs","@id":"https:\/\/www.appleking.cz\/blog\/#\/schema\/logo\/image\/","url":"https:\/\/www.appleking.cz\/blog\/wp-content\/uploads\/2017\/08\/logo.png","contentUrl":"https:\/\/www.appleking.cz\/blog\/wp-content\/uploads\/2017\/08\/logo.png","width":560,"height":148,"caption":"AppleKing Blog"},"image":{"@id":"https:\/\/www.appleking.cz\/blog\/#\/schema\/logo\/image\/"}},{"@type":"Person","@id":"https:\/\/www.appleking.cz\/blog\/#\/schema\/person\/dfb8f7a84700fde4ed13e61f67db8ed7","name":"Michael \u010cerm\u00e1k","image":{"@type":"ImageObject","inLanguage":"cs","@id":"https:\/\/www.appleking.cz\/blog\/#\/schema\/person\/image\/","url":"https:\/\/secure.gravatar.com\/avatar\/0b9764c5343e8e13d1d8d311d1939576?s=96&d=mm&r=g","contentUrl":"https:\/\/secure.gravatar.com\/avatar\/0b9764c5343e8e13d1d8d311d1939576?s=96&d=mm&r=g","caption":"Michael \u010cerm\u00e1k"}}]}},"jetpack_featured_media_url":"https:\/\/www.appleking.cz\/blog\/wp-content\/uploads\/2020\/01\/iPhone_XS_sim.jpg","jetpack_shortlink":"https:\/\/wp.me\/p8ETbP-22g","_links":{"self":[{"href":"https:\/\/www.appleking.cz\/blog\/wp-json\/wp\/v2\/posts\/7828"}],"collection":[{"href":"https:\/\/www.appleking.cz\/blog\/wp-json\/wp\/v2\/posts"}],"about":[{"href":"https:\/\/www.appleking.cz\/blog\/wp-json\/wp\/v2\/types\/post"}],"author":[{"embeddable":true,"href":"https:\/\/www.appleking.cz\/blog\/wp-json\/wp\/v2\/users\/13"}],"replies":[{"embeddable":true,"href":"https:\/\/www.appleking.cz\/blog\/wp-json\/wp\/v2\/comments?post=7828"}],"version-history":[{"count":7,"href":"https:\/\/www.appleking.cz\/blog\/wp-json\/wp\/v2\/posts\/7828\/revisions"}],"predecessor-version":[{"id":7839,"href":"https:\/\/www.appleking.cz\/blog\/wp-json\/wp\/v2\/posts\/7828\/revisions\/7839"}],"wp:featuredmedia":[{"embeddable":true,"href":"https:\/\/www.appleking.cz\/blog\/wp-json\/wp\/v2\/media\/7835"}],"wp:attachment":[{"href":"https:\/\/www.appleking.cz\/blog\/wp-json\/wp\/v2\/media?parent=7828"}],"wp:term":[{"taxonomy":"category","embeddable":true,"href":"https:\/\/www.appleking.cz\/blog\/wp-json\/wp\/v2\/categories?post=7828"},{"taxonomy":"post_tag","embeddable":true,"href":"https:\/\/www.appleking.cz\/blog\/wp-json\/wp\/v2\/tags?post=7828"}],"curies":[{"name":"wp","href":"https:\/\/api.w.org\/{rel}","templated":true}]}}